{"id":146944,"date":"2026-03-11T14:05:23","date_gmt":"2026-03-11T13:05:23","guid":{"rendered":"https:\/\/www.psf-securite.fr\/?p=146944"},"modified":"2026-03-25T09:38:22","modified_gmt":"2026-03-25T08:38:22","slug":"duree-conservation-image-camera","status":"publish","type":"post","link":"https:\/\/www.psf-securite.fr\/en\/duree-conservation-image-camera\/","title":{"rendered":"Combien de temps peut-on conserver les images d\u2019une cam\u00e9ra de surveillance en entreprise ?"},"content":{"rendered":"\t\t<div data-elementor-type=\"wp-post\" data-elementor-id=\"146944\" class=\"elementor elementor-146944\">\n\t\t\t\t<div class=\"elementor-element elementor-element-55c35615 e-flex e-con-boxed e-con e-parent\" data-id=\"55c35615\" data-element_type=\"container\" data-e-type=\"container\">\n\t\t\t\t\t<div class=\"e-con-inner\">\n\t\t\t\t<div class=\"elementor-element elementor-element-79e02295 elementor-widget elementor-widget-text-editor\" data-id=\"79e02295\" data-element_type=\"widget\" data-e-type=\"widget\" data-widget_type=\"text-editor.default\">\n\t\t\t\t<div class=\"elementor-widget-container\">\n\t\t\t\t\t\t\t\t\t<p>La question de la <strong>dur\u00e9e de conservation<\/strong>\u00a0des\u00a0<strong>images de vid\u00e9osurveillance<\/strong>\u00a0pr\u00e9occupe de nombreuses entreprises qui souhaitent s\u00e9curiser leurs locaux. Entre\u00a0<strong>l\u00e9gislation stricte<\/strong>, recommandations de la CNIL et contraintes techniques, il n\u2019est pas toujours simple de trouver le bon \u00e9quilibre entre s\u00e9curit\u00e9 et respect de la vie priv\u00e9e. Pourtant, il existe des\u00a0<strong>r\u00e8gles pr\u00e9cises<\/strong>\u00a0\u00e0 conna\u00eetre pour \u00e9viter tout risque lors d\u2019un contr\u00f4le ou d\u2019un audit. Votre <a href=\"https:\/\/www.psf-securite.fr\/installation-systeme-videosurveillance\/professionnel\/\">sp\u00e9cialiste en syst\u00e8mes de s\u00e9curit\u00e9 pour entreprise<\/a> va vous les pr\u00e9senter.<\/p><p><img fetchpriority=\"high\" decoding=\"async\" class=\"aligncenter wp-image-146962 size-full\" src=\"https:\/\/www.psf-securite.fr\/wp-content\/uploads\/2026\/03\/Conservation-des-Images-de-Camera-en-Entreprise.jpg\" alt=\"dure\u0301e maximale pour conserver les images des cam\u00e9ra de surveillance en entreprise\" width=\"720\" height=\"1080\" srcset=\"https:\/\/www.psf-securite.fr\/wp-content\/uploads\/2026\/03\/Conservation-des-Images-de-Camera-en-Entreprise.jpg 720w, https:\/\/www.psf-securite.fr\/wp-content\/uploads\/2026\/03\/Conservation-des-Images-de-Camera-en-Entreprise-200x300.jpg 200w, https:\/\/www.psf-securite.fr\/wp-content\/uploads\/2026\/03\/Conservation-des-Images-de-Camera-en-Entreprise-683x1024.jpg 683w\" sizes=\"(max-width: 720px) 100vw, 720px\" \/><\/p><p style=\"line-height: normal; background-image: initial; background-position: initial; background-size: initial; background-repeat: initial; background-attachment: initial; background-origin: initial; background-clip: initial;\"><span style=\"font-size: 13.0pt; font-family: Poppins; mso-fareast-font-family: 'Times New Roman'; color: #02385b; mso-font-kerning: 0pt; mso-fareast-language: FR; mso-no-proof: yes;\"><!-- [if gte vml 1]><v:shapetype id=\"_x0000_t75\" coordsize=\"21600,21600\" o:spt=\"75\" o:preferrelative=\"t\" path=\"m@4@5l@4@11@9@11@9@5xe\" filled=\"f\" stroked=\"f\"><br \/> <v:stroke joinstyle=\"miter\"\/><br \/> <v:formulas><br \/>  <v:f eqn=\"if lineDrawn pixelLineWidth 0\"\/><br \/>  <v:f eqn=\"sum @0 1 0\"\/><br \/>  <v:f eqn=\"sum 0 0 @1\"\/><br \/>  <v:f eqn=\"prod @2 1 2\"\/><br \/>  <v:f eqn=\"prod @3 21600 pixelWidth\"\/><br \/>  <v:f eqn=\"prod @3 21600 pixelHeight\"\/><br \/>  <v:f eqn=\"sum @0 0 1\"\/><br \/>  <v:f eqn=\"prod @6 1 2\"\/><br \/>  <v:f eqn=\"prod @7 21600 pixelWidth\"\/><br \/>  <v:f eqn=\"sum @8 21600 0\"\/><br \/>  <v:f eqn=\"prod @7 21600 pixelHeight\"\/><br \/>  <v:f eqn=\"sum @10 21600 0\"\/><br \/> <\/v:formulas><br \/> <v:path o:extrusionok=\"f\" gradientshapeok=\"t\" o:connecttype=\"rect\"\/><br \/> <o:lock v:ext=\"edit\" aspectratio=\"t\"\/><br \/><\/v:shapetype><v:shape id=\"Image_x0020_1\" o:spid=\"_x0000_i1025\" type=\"#_x0000_t75\" alt=\"Une image contenant dessin, graffiti, \u00e9criture manuscrite, Art urbain&#10;&#10;Le contenu g\u00e9n\u00e9r\u00e9 par l\u2019IA peut \u00eatre incorrect.\" style='width:343.8pt;height:229.2pt;visibility:visible;mso-wrap-style:square'><br \/> <v:imagedata src=\"file:\/\/\/C:\/Users\/nalon\/AppData\/Local\/Temp\/msohtmlclip1\/01\/clip_image001.jpg\" o:title=\"Une image contenant dessin, graffiti, \u00e9criture manuscrite, Art urbain&#10;&#10;Le contenu g\u00e9n\u00e9r\u00e9 par l\u2019IA peut \u00eatre incorrect\"\/><br \/><\/v:shape><![endif]--><\/span><\/p><h2>Quelle est la limite maximale de dur\u00e9e pour la conservation des images de vid\u00e9osurveillance ?<\/h2><p>Au c\u0153ur du cadre r\u00e9glementaire, la\u00a0<strong>limite maximale de conservation<\/strong>\u00a0des\u00a0<strong>images de vid\u00e9osurveillance<\/strong>\u00a0repr\u00e9sente un point incontournable. La\u00a0<strong>r\u00e9glementation<\/strong>\u00a0impose une dur\u00e9e pr\u00e9cise dans tous les lieux de travail, y compris en entreprise. Selon les\u00a0<strong>recommandations de la CNIL<\/strong>, il n\u2019est g\u00e9n\u00e9ralement pas autoris\u00e9 de conserver les images plus d\u2019un mois, soit 30 jours. Cette r\u00e8gle s\u2019applique dans la grande majorit\u00e9 des situations rencontr\u00e9es par les employeurs.<\/p><p>Ce d\u00e9lai vise \u00e0 limiter l\u2019accumulation excessive de\u00a0<strong>donn\u00e9es personnelles<\/strong>. Il s\u2019agit l\u00e0 d\u2019un principe essentiel pour prot\u00e9ger les droits individuels tout en permettant aux entreprises de garantir leur s\u00e9curit\u00e9. Une fois ce d\u00e9lai \u00e9coul\u00e9, les\u00a0<strong>images doivent obligatoirement \u00eatre supprim\u00e9es<\/strong>\u00a0automatiquement, sauf en cas de circonstance exceptionnelle justifiant une prolongation.<\/p><h2>Quels sont les cas particuliers li\u00e9s \u00e0 la dur\u00e9e de conservation ?<\/h2><h3>Quelles circonstances exceptionnelles peuvent justifier une dur\u00e9e plus longue ?<\/h3><p>Lorsqu\u2019un incident survient sur le lieu de travail, tel qu\u2019une effraction ou un acte de vandalisme, les images concern\u00e9es peuvent \u00eatre extraites et conserv\u00e9es plus longtemps \u00e0 des fins d\u2019enqu\u00eate. Dans ce contexte, la\u00a0<strong>justification de la dur\u00e9e<\/strong>\u00a0repose sur le besoin d\u2019utiliser ces donn\u00e9es comme preuve durant toute la proc\u00e9dure.<\/p><p>L\u2019entreprise doit alors\u00a0<strong>documenter pr\u00e9cis\u00e9ment<\/strong>\u00a0cette extension et veiller \u00e0 ce que seules les\u00a0<strong>personnes habilit\u00e9es<\/strong>\u00a0acc\u00e8dent \u00e0 ces images extraites. D\u00e8s que la proc\u00e9dure judiciaire prend fin, la suppression des images redevient obligatoire. Les\u00a0<strong>exceptions<\/strong>\u00a0doivent donc rester ponctuelles et ne jamais devenir une r\u00e8gle g\u00e9n\u00e9rale.<\/p><h3>Existe-t-il des exceptions pour certains secteurs ou organisations ?<\/h3><p>Dans certains environnements sensibles, tels que les sites industriels class\u00e9s ou certains \u00e9tablissements financiers, la r\u00e9glementation pr\u00e9voit parfois une\u00a0<strong>dur\u00e9e de conservation plus longue<\/strong>. Ces\u00a0<strong>exceptions<\/strong>\u00a0restent strictement encadr\u00e9es par des textes officiels et n\u00e9cessitent souvent une d\u00e9claration ou une demande d\u2019autorisation aupr\u00e8s des autorit\u00e9s comp\u00e9tentes.<\/p><p>Les\u00a0<strong>recommandations de la CNIL<\/strong>\u00a0encouragent \u00e0 recourir \u00e0 la d\u00e9rogation uniquement lorsque cela est absolument n\u00e9cessaire pour la\u00a0<strong>s\u00e9curit\u00e9 des personnes ou des biens<\/strong>. Toute entreprise souhaitant d\u00e9passer la\u00a0<strong>limite de 30 jours<\/strong>\u00a0devra d\u00e9montrer la n\u00e9cessit\u00e9 de cette mesure et respecter scrupuleusement les autres principes de protection des donn\u00e9es personnelles.<\/p><h2>Qui a acc\u00e8s aux images et comment garantir cet acc\u00e8s restreint ?<\/h2><p>En entreprise, l\u2019<strong>acc\u00e8s aux images de vid\u00e9osurveillance<\/strong>\u00a0doit toujours \u00eatre strictement limit\u00e9 aux\u00a0<strong>personnes habilit\u00e9es<\/strong>. Ce principe n\u2019est pas qu\u2019une simple recommandation de la CNIL : il rel\u00e8ve de la l\u00e9gislation. G\u00e9n\u00e9ralement, seuls le responsable s\u00e9curit\u00e9 ou un membre d\u00e9sign\u00e9 de la direction ont le droit d\u2019y acc\u00e9der. Chaque consultation des images doit pouvoir \u00eatre justifi\u00e9e et trac\u00e9e afin de pr\u00e9venir tout abus.<\/p><p>Des mesures concr\u00e8tes, comme l\u2019utilisation de\u00a0<strong>mots de passe robustes<\/strong>\u00a0ou la limitation des points d\u2019acc\u00e8s physiques, contribuent \u00e0 limiter les risques de fuite ou de mauvaise utilisation. Un\u00a0<strong>acc\u00e8s restreint<\/strong>\u00a0r\u00e9duit aussi la responsabilit\u00e9 l\u00e9gale de l\u2019entreprise en cas d\u2019incident.<\/p><h2>Quel r\u00f4le jouent la justification de la dur\u00e9e et la conformit\u00e9 r\u00e9glementaire ?<\/h2><h3>Comment d\u00e9montrer la justification de la dur\u00e9e lors d\u2019un contr\u00f4le ?<\/h3><p>Pour chaque dispositif de\u00a0<strong>vid\u00e9osurveillance<\/strong>\u00a0install\u00e9 dans les locaux professionnels, l\u2019employeur doit pouvoir pr\u00e9senter une\u00a0<strong>justification claire<\/strong>\u00a0de la dur\u00e9e retenue. Un registre des traitements ou une fiche d\u00e9taill\u00e9e doit mentionner la\u00a0<strong>limite maximale appliqu\u00e9e<\/strong>, les raisons motivant cette dur\u00e9e, ainsi que les conditions \u00e9ventuelles d\u2019exception.<\/p><p>Lors d\u2019un contr\u00f4le, l\u2019existence d\u2019une\u00a0<strong>politique interne adapt\u00e9e<\/strong>\u00a0fait souvent la diff\u00e9rence. En recensant les motifs pr\u00e9cis pour lesquels la conservation exc\u00e8de un mois \u2014 incidents, obligations sectorielles, etc. \u2014, l\u2019entreprise d\u00e9montre son engagement \u00e0 agir en conformit\u00e9 avec la loi et les\u00a0<strong>recommandations de la CNIL<\/strong>.<\/p><h3>Pourquoi la conformit\u00e9 aux recommandations CNIL prot\u00e8ge-t-elle l\u2019entreprise ?<\/h3><p>Respecter les\u00a0<strong>recommandations de la CNIL<\/strong>\u00a0permet d\u2019\u00e9viter tout litige inattendu avec un salari\u00e9 ou un visiteur contestant la collecte abusive de ses images. Mettre en place une politique stricte sur la\u00a0<strong>dur\u00e9e de conservation<\/strong>, l\u2019<strong>acc\u00e8s restreint<\/strong>\u00a0et la confidentialit\u00e9 limite consid\u00e9rablement les risques juridiques et r\u00e9putationnels.<br \/>Si vous souhaitez installer une cam\u00e9ra de s\u00e9curit\u00e9 dans votre entreprise autour de Nice, n\u2019attendez plus, contactez nous.<\/p>\t\t\t\t\t\t\t\t<\/div>\n\t\t\t\t<\/div>\n\t\t\t\t\t<\/div>\n\t\t\t\t<\/div>\n\t\t\t\t<\/div>\n\t\t","protected":false},"excerpt":{"rendered":"<p>L\u2019id\u00e9e d\u2019une\u00a0alarme collective\u00a0qui r\u00e9sonne dans un immeuble suscite souvent des interrogations. Entre la crainte de la\u00a0nuisance sonore\u00a0et le souci de s\u00e9curit\u00e9, il n\u2019est pas toujours simple de s\u2019y retrouver.<\/p>\n","protected":false},"author":4,"featured_media":146962,"comment_status":"open","ping_status":"open","sticky":false,"template":"","format":"standard","meta":{"_acf_changed":false,"footnotes":""},"categories":[1],"tags":[],"class_list":["post-146944","post","type-post","status-publish","format-standard","has-post-thumbnail","hentry","category-unclassified"],"acf":[],"yoast_head":"<!-- This site is optimized with the Yoast SEO plugin v27.4 - https:\/\/yoast.com\/product\/yoast-seo-wordpress\/ -->\n<title>Dur\u00e9e de Conservation des Images de Cam\u00e9ra en Entreprise - PSF s\u00e9curit\u00e9<\/title>\n<meta name=\"description\" content=\"D\u00e9couvrez combien de temps vous devez conserver les images de vid\u00e9osurveillance en entreprise. Respectez la l\u00e9gislation et les recommandations de la CNIL.\" \/>\n<meta name=\"robots\" content=\"index, follow, max-snippet:-1, max-image-preview:large, max-video-preview:-1\" \/>\n<link rel=\"canonical\" href=\"https:\/\/www.psf-securite.fr\/en\/duree-conservation-image-camera\/\" \/>\n<meta property=\"og:locale\" content=\"en_US\" \/>\n<meta property=\"og:type\" content=\"article\" \/>\n<meta property=\"og:title\" content=\"Dur\u00e9e de Conservation des Images de Cam\u00e9ra en Entreprise - PSF s\u00e9curit\u00e9\" \/>\n<meta property=\"og:description\" content=\"D\u00e9couvrez combien de temps vous devez conserver les images de vid\u00e9osurveillance en entreprise. Respectez la l\u00e9gislation et les recommandations de la CNIL.\" \/>\n<meta property=\"og:url\" content=\"https:\/\/www.psf-securite.fr\/en\/duree-conservation-image-camera\/\" \/>\n<meta property=\"og:site_name\" content=\"Syst\u00e8mes de S\u00e9curit\u00e9\" \/>\n<meta property=\"article:published_time\" content=\"2026-03-11T13:05:23+00:00\" \/>\n<meta property=\"article:modified_time\" content=\"2026-03-25T08:38:22+00:00\" \/>\n<meta property=\"og:image\" content=\"https:\/\/www.psf-securite.fr\/wp-content\/uploads\/2026\/03\/Conservation-des-Images-de-Camera-en-Entreprise.jpg\" \/>\n\t<meta property=\"og:image:width\" content=\"720\" \/>\n\t<meta property=\"og:image:height\" content=\"1080\" \/>\n\t<meta property=\"og:image:type\" content=\"image\/jpeg\" \/>\n<meta name=\"author\" content=\"Thomas Patrizio\" \/>\n<meta name=\"twitter:card\" content=\"summary_large_image\" \/>\n<meta name=\"twitter:label1\" content=\"Written by\" \/>\n\t<meta name=\"twitter:data1\" content=\"Thomas Patrizio\" \/>\n\t<meta name=\"twitter:label2\" content=\"Est. reading time\" \/>\n\t<meta name=\"twitter:data2\" content=\"4 minutes\" \/>\n<script type=\"application\/ld+json\" class=\"yoast-schema-graph\">{\"@context\":\"https:\\\/\\\/schema.org\",\"@graph\":[{\"@type\":\"Article\",\"@id\":\"https:\\\/\\\/www.psf-securite.fr\\\/en\\\/duree-conservation-image-camera\\\/#article\",\"isPartOf\":{\"@id\":\"https:\\\/\\\/www.psf-securite.fr\\\/en\\\/duree-conservation-image-camera\\\/\"},\"author\":{\"name\":\"Thomas Patrizio\",\"@id\":\"https:\\\/\\\/www.psf-securite.fr\\\/en\\\/#\\\/schema\\\/person\\\/59e5faf144dadf311e77297c24b49d72\"},\"headline\":\"Combien de temps peut-on conserver les images d\u2019une cam\u00e9ra de surveillance en entreprise ?\",\"datePublished\":\"2026-03-11T13:05:23+00:00\",\"dateModified\":\"2026-03-25T08:38:22+00:00\",\"mainEntityOfPage\":{\"@id\":\"https:\\\/\\\/www.psf-securite.fr\\\/en\\\/duree-conservation-image-camera\\\/\"},\"wordCount\":887,\"commentCount\":0,\"image\":{\"@id\":\"https:\\\/\\\/www.psf-securite.fr\\\/en\\\/duree-conservation-image-camera\\\/#primaryimage\"},\"thumbnailUrl\":\"https:\\\/\\\/www.psf-securite.fr\\\/wp-content\\\/uploads\\\/2026\\\/03\\\/Conservation-des-Images-de-Camera-en-Entreprise.jpg\",\"articleSection\":[\"Non class\u00e9\"],\"inLanguage\":\"en-US\",\"potentialAction\":[{\"@type\":\"CommentAction\",\"name\":\"Comment\",\"target\":[\"https:\\\/\\\/www.psf-securite.fr\\\/en\\\/duree-conservation-image-camera\\\/#respond\"]}]},{\"@type\":\"WebPage\",\"@id\":\"https:\\\/\\\/www.psf-securite.fr\\\/en\\\/duree-conservation-image-camera\\\/\",\"url\":\"https:\\\/\\\/www.psf-securite.fr\\\/en\\\/duree-conservation-image-camera\\\/\",\"name\":\"Dur\u00e9e de Conservation des Images de Cam\u00e9ra en Entreprise - PSF s\u00e9curit\u00e9\",\"isPartOf\":{\"@id\":\"https:\\\/\\\/www.psf-securite.fr\\\/en\\\/#website\"},\"primaryImageOfPage\":{\"@id\":\"https:\\\/\\\/www.psf-securite.fr\\\/en\\\/duree-conservation-image-camera\\\/#primaryimage\"},\"image\":{\"@id\":\"https:\\\/\\\/www.psf-securite.fr\\\/en\\\/duree-conservation-image-camera\\\/#primaryimage\"},\"thumbnailUrl\":\"https:\\\/\\\/www.psf-securite.fr\\\/wp-content\\\/uploads\\\/2026\\\/03\\\/Conservation-des-Images-de-Camera-en-Entreprise.jpg\",\"datePublished\":\"2026-03-11T13:05:23+00:00\",\"dateModified\":\"2026-03-25T08:38:22+00:00\",\"author\":{\"@id\":\"https:\\\/\\\/www.psf-securite.fr\\\/en\\\/#\\\/schema\\\/person\\\/59e5faf144dadf311e77297c24b49d72\"},\"description\":\"D\u00e9couvrez combien de temps vous devez conserver les images de vid\u00e9osurveillance en entreprise. Respectez la l\u00e9gislation et les recommandations de la CNIL.\",\"breadcrumb\":{\"@id\":\"https:\\\/\\\/www.psf-securite.fr\\\/en\\\/duree-conservation-image-camera\\\/#breadcrumb\"},\"inLanguage\":\"en-US\",\"potentialAction\":[{\"@type\":\"ReadAction\",\"target\":[\"https:\\\/\\\/www.psf-securite.fr\\\/en\\\/duree-conservation-image-camera\\\/\"]}]},{\"@type\":\"ImageObject\",\"inLanguage\":\"en-US\",\"@id\":\"https:\\\/\\\/www.psf-securite.fr\\\/en\\\/duree-conservation-image-camera\\\/#primaryimage\",\"url\":\"https:\\\/\\\/www.psf-securite.fr\\\/wp-content\\\/uploads\\\/2026\\\/03\\\/Conservation-des-Images-de-Camera-en-Entreprise.jpg\",\"contentUrl\":\"https:\\\/\\\/www.psf-securite.fr\\\/wp-content\\\/uploads\\\/2026\\\/03\\\/Conservation-des-Images-de-Camera-en-Entreprise.jpg\",\"width\":720,\"height\":1080,\"caption\":\"dure\u0301e maximale pour conserver les images des cam\u00e9ra de surveillance en entreprise\"},{\"@type\":\"BreadcrumbList\",\"@id\":\"https:\\\/\\\/www.psf-securite.fr\\\/en\\\/duree-conservation-image-camera\\\/#breadcrumb\",\"itemListElement\":[{\"@type\":\"ListItem\",\"position\":1,\"name\":\"Accueil\",\"item\":\"https:\\\/\\\/www.psf-securite.fr\\\/en\\\/\"},{\"@type\":\"ListItem\",\"position\":2,\"name\":\"Uncategorized\",\"item\":\"https:\\\/\\\/www.psf-securite.fr\\\/en\\\/category\\\/uncategorized\\\/\"},{\"@type\":\"ListItem\",\"position\":3,\"name\":\"Combien de temps peut-on conserver les images d\u2019une cam\u00e9ra de surveillance en entreprise ?\"}]},{\"@type\":\"WebSite\",\"@id\":\"https:\\\/\\\/www.psf-securite.fr\\\/en\\\/#website\",\"url\":\"https:\\\/\\\/www.psf-securite.fr\\\/en\\\/\",\"name\":\"Syst\u00e8mes de S\u00e9curit\u00e9\",\"description\":\"\",\"potentialAction\":[{\"@type\":\"SearchAction\",\"target\":{\"@type\":\"EntryPoint\",\"urlTemplate\":\"https:\\\/\\\/www.psf-securite.fr\\\/en\\\/?s={search_term_string}\"},\"query-input\":{\"@type\":\"PropertyValueSpecification\",\"valueRequired\":true,\"valueName\":\"search_term_string\"}}],\"inLanguage\":\"en-US\"},{\"@type\":\"Person\",\"@id\":\"https:\\\/\\\/www.psf-securite.fr\\\/en\\\/#\\\/schema\\\/person\\\/59e5faf144dadf311e77297c24b49d72\",\"name\":\"Thomas Patrizio\",\"image\":{\"@type\":\"ImageObject\",\"inLanguage\":\"en-US\",\"@id\":\"https:\\\/\\\/secure.gravatar.com\\\/avatar\\\/9ad7bf01de6aee2f873cdc89676c80efa9d8a73127f80a7a22fe1dc70cf9a30f?s=96&d=mm&r=g\",\"url\":\"https:\\\/\\\/secure.gravatar.com\\\/avatar\\\/9ad7bf01de6aee2f873cdc89676c80efa9d8a73127f80a7a22fe1dc70cf9a30f?s=96&d=mm&r=g\",\"contentUrl\":\"https:\\\/\\\/secure.gravatar.com\\\/avatar\\\/9ad7bf01de6aee2f873cdc89676c80efa9d8a73127f80a7a22fe1dc70cf9a30f?s=96&d=mm&r=g\",\"caption\":\"Thomas Patrizio\"}}]}<\/script>\n<!-- \/ Yoast SEO plugin. -->","yoast_head_json":{"title":"Dur\u00e9e de Conservation des Images de Cam\u00e9ra en Entreprise - PSF s\u00e9curit\u00e9","description":"D\u00e9couvrez combien de temps vous devez conserver les images de vid\u00e9osurveillance en entreprise. Respectez la l\u00e9gislation et les recommandations de la CNIL.","robots":{"index":"index","follow":"follow","max-snippet":"max-snippet:-1","max-image-preview":"max-image-preview:large","max-video-preview":"max-video-preview:-1"},"canonical":"https:\/\/www.psf-securite.fr\/en\/duree-conservation-image-camera\/","og_locale":"en_US","og_type":"article","og_title":"Dur\u00e9e de Conservation des Images de Cam\u00e9ra en Entreprise - PSF s\u00e9curit\u00e9","og_description":"D\u00e9couvrez combien de temps vous devez conserver les images de vid\u00e9osurveillance en entreprise. Respectez la l\u00e9gislation et les recommandations de la CNIL.","og_url":"https:\/\/www.psf-securite.fr\/en\/duree-conservation-image-camera\/","og_site_name":"Syst\u00e8mes de S\u00e9curit\u00e9","article_published_time":"2026-03-11T13:05:23+00:00","article_modified_time":"2026-03-25T08:38:22+00:00","og_image":[{"width":720,"height":1080,"url":"https:\/\/www.psf-securite.fr\/wp-content\/uploads\/2026\/03\/Conservation-des-Images-de-Camera-en-Entreprise.jpg","type":"image\/jpeg"}],"author":"Thomas Patrizio","twitter_card":"summary_large_image","twitter_misc":{"Written by":"Thomas Patrizio","Est. reading time":"4 minutes"},"schema":{"@context":"https:\/\/schema.org","@graph":[{"@type":"Article","@id":"https:\/\/www.psf-securite.fr\/en\/duree-conservation-image-camera\/#article","isPartOf":{"@id":"https:\/\/www.psf-securite.fr\/en\/duree-conservation-image-camera\/"},"author":{"name":"Thomas Patrizio","@id":"https:\/\/www.psf-securite.fr\/en\/#\/schema\/person\/59e5faf144dadf311e77297c24b49d72"},"headline":"Combien de temps peut-on conserver les images d\u2019une cam\u00e9ra de surveillance en entreprise ?","datePublished":"2026-03-11T13:05:23+00:00","dateModified":"2026-03-25T08:38:22+00:00","mainEntityOfPage":{"@id":"https:\/\/www.psf-securite.fr\/en\/duree-conservation-image-camera\/"},"wordCount":887,"commentCount":0,"image":{"@id":"https:\/\/www.psf-securite.fr\/en\/duree-conservation-image-camera\/#primaryimage"},"thumbnailUrl":"https:\/\/www.psf-securite.fr\/wp-content\/uploads\/2026\/03\/Conservation-des-Images-de-Camera-en-Entreprise.jpg","articleSection":["Non class\u00e9"],"inLanguage":"en-US","potentialAction":[{"@type":"CommentAction","name":"Comment","target":["https:\/\/www.psf-securite.fr\/en\/duree-conservation-image-camera\/#respond"]}]},{"@type":"WebPage","@id":"https:\/\/www.psf-securite.fr\/en\/duree-conservation-image-camera\/","url":"https:\/\/www.psf-securite.fr\/en\/duree-conservation-image-camera\/","name":"Dur\u00e9e de Conservation des Images de Cam\u00e9ra en Entreprise - PSF s\u00e9curit\u00e9","isPartOf":{"@id":"https:\/\/www.psf-securite.fr\/en\/#website"},"primaryImageOfPage":{"@id":"https:\/\/www.psf-securite.fr\/en\/duree-conservation-image-camera\/#primaryimage"},"image":{"@id":"https:\/\/www.psf-securite.fr\/en\/duree-conservation-image-camera\/#primaryimage"},"thumbnailUrl":"https:\/\/www.psf-securite.fr\/wp-content\/uploads\/2026\/03\/Conservation-des-Images-de-Camera-en-Entreprise.jpg","datePublished":"2026-03-11T13:05:23+00:00","dateModified":"2026-03-25T08:38:22+00:00","author":{"@id":"https:\/\/www.psf-securite.fr\/en\/#\/schema\/person\/59e5faf144dadf311e77297c24b49d72"},"description":"D\u00e9couvrez combien de temps vous devez conserver les images de vid\u00e9osurveillance en entreprise. Respectez la l\u00e9gislation et les recommandations de la CNIL.","breadcrumb":{"@id":"https:\/\/www.psf-securite.fr\/en\/duree-conservation-image-camera\/#breadcrumb"},"inLanguage":"en-US","potentialAction":[{"@type":"ReadAction","target":["https:\/\/www.psf-securite.fr\/en\/duree-conservation-image-camera\/"]}]},{"@type":"ImageObject","inLanguage":"en-US","@id":"https:\/\/www.psf-securite.fr\/en\/duree-conservation-image-camera\/#primaryimage","url":"https:\/\/www.psf-securite.fr\/wp-content\/uploads\/2026\/03\/Conservation-des-Images-de-Camera-en-Entreprise.jpg","contentUrl":"https:\/\/www.psf-securite.fr\/wp-content\/uploads\/2026\/03\/Conservation-des-Images-de-Camera-en-Entreprise.jpg","width":720,"height":1080,"caption":"dure\u0301e maximale pour conserver les images des cam\u00e9ra de surveillance en entreprise"},{"@type":"BreadcrumbList","@id":"https:\/\/www.psf-securite.fr\/en\/duree-conservation-image-camera\/#breadcrumb","itemListElement":[{"@type":"ListItem","position":1,"name":"Accueil","item":"https:\/\/www.psf-securite.fr\/en\/"},{"@type":"ListItem","position":2,"name":"Uncategorized","item":"https:\/\/www.psf-securite.fr\/en\/category\/uncategorized\/"},{"@type":"ListItem","position":3,"name":"Combien de temps peut-on conserver les images d\u2019une cam\u00e9ra de surveillance en entreprise ?"}]},{"@type":"WebSite","@id":"https:\/\/www.psf-securite.fr\/en\/#website","url":"https:\/\/www.psf-securite.fr\/en\/","name":"Syst\u00e8mes de S\u00e9curit\u00e9","description":"","potentialAction":[{"@type":"SearchAction","target":{"@type":"EntryPoint","urlTemplate":"https:\/\/www.psf-securite.fr\/en\/?s={search_term_string}"},"query-input":{"@type":"PropertyValueSpecification","valueRequired":true,"valueName":"search_term_string"}}],"inLanguage":"en-US"},{"@type":"Person","@id":"https:\/\/www.psf-securite.fr\/en\/#\/schema\/person\/59e5faf144dadf311e77297c24b49d72","name":"Thomas Patrizio","image":{"@type":"ImageObject","inLanguage":"en-US","@id":"https:\/\/secure.gravatar.com\/avatar\/9ad7bf01de6aee2f873cdc89676c80efa9d8a73127f80a7a22fe1dc70cf9a30f?s=96&d=mm&r=g","url":"https:\/\/secure.gravatar.com\/avatar\/9ad7bf01de6aee2f873cdc89676c80efa9d8a73127f80a7a22fe1dc70cf9a30f?s=96&d=mm&r=g","contentUrl":"https:\/\/secure.gravatar.com\/avatar\/9ad7bf01de6aee2f873cdc89676c80efa9d8a73127f80a7a22fe1dc70cf9a30f?s=96&d=mm&r=g","caption":"Thomas Patrizio"}}]}},"_links":{"self":[{"href":"https:\/\/www.psf-securite.fr\/en\/wp-json\/wp\/v2\/posts\/146944","targetHints":{"allow":["GET"]}}],"collection":[{"href":"https:\/\/www.psf-securite.fr\/en\/wp-json\/wp\/v2\/posts"}],"about":[{"href":"https:\/\/www.psf-securite.fr\/en\/wp-json\/wp\/v2\/types\/post"}],"author":[{"embeddable":true,"href":"https:\/\/www.psf-securite.fr\/en\/wp-json\/wp\/v2\/users\/4"}],"replies":[{"embeddable":true,"href":"https:\/\/www.psf-securite.fr\/en\/wp-json\/wp\/v2\/comments?post=146944"}],"version-history":[{"count":0,"href":"https:\/\/www.psf-securite.fr\/en\/wp-json\/wp\/v2\/posts\/146944\/revisions"}],"wp:featuredmedia":[{"embeddable":true,"href":"https:\/\/www.psf-securite.fr\/en\/wp-json\/wp\/v2\/media\/146962"}],"wp:attachment":[{"href":"https:\/\/www.psf-securite.fr\/en\/wp-json\/wp\/v2\/media?parent=146944"}],"wp:term":[{"taxonomy":"category","embeddable":true,"href":"https:\/\/www.psf-securite.fr\/en\/wp-json\/wp\/v2\/categories?post=146944"},{"taxonomy":"post_tag","embeddable":true,"href":"https:\/\/www.psf-securite.fr\/en\/wp-json\/wp\/v2\/tags?post=146944"}],"curies":[{"name":"wp","href":"https:\/\/api.w.org\/{rel}","templated":true}]}}